{"id":28055,"date":"2025-11-11T15:21:36","date_gmt":"2025-11-11T14:21:36","guid":{"rendered":"https:\/\/www.panoramamarbella.com\/?p=28055"},"modified":"2026-03-19T13:42:22","modified_gmt":"2026-03-19T12:42:22","slug":"levensverwachting-in-spanje","status":"publish","type":"post","link":"https:\/\/www.panoramamarbella.com\/nl\/news\/levensverwachting-in-spanje","title":{"rendered":"Spanje heeft de hoogste levensverwachting van Europa"},"content":{"rendered":"\n\n<h2 class=\"wp-block-heading\">De levensverwachting in Spanje is de hoogste van Europa<\/h2>\n\n\n<div class=\"lead\"><p>Het is geen geheim dat Spanje een land is waar mensen weten hoe ze goed moeten leven. Maar er is iets nog indrukwekkenders: Spanje heeft nu de hoogste levensverwachting van Europa, met een gemiddelde van 84 jaar. Als je erover denkt om naar Spanje te verhuizen, hier met pensioen te gaan of gewoon benieuwd bent wat deze levensstijl zo bijzonder maakt, dan zijn de cijfers echt fascinerend.<\/p>\n<\/div>\n\n\n<ul class=\"table-index list-unstyled p-4 p-lg-5 ms-0 bg-light\"><li class=\"text-uppercase fw-bold mb-3\">Inhoudsopgave<\/li><li><a href=\"#de+levensverwachting+in+spanje+is+de+hoogste+van+europa\">\nDe levensverwachting in Spanje is de hoogste van Europa\n<\/a><\/li>\n<li><a href=\"#spanje+aan+de+top+van+europas+ranglijst+voor+levensduur\">\nSpanje aan de top van Europa\u2019s ranglijst voor levensduur\n<\/a><\/li>\n<li><a href=\"#regionale+verschillen+binnen+spanje\">\nRegionale verschillen binnen Spanje\n<\/a><\/li>\n<li><a href=\"#waarom+is+de+levensverwachting+in+spanje+zo+hoog\">\nWaarom is de levensverwachting in Spanje zo hoog?\n<\/a><\/li>\n<li><a href=\"#verhuizen+naar+spanje\">\nVerhuizen naar Spanje\n<\/a><\/li><\/ul>\n\n\n\n<h2 class=\"wp-block-heading\">Spanje aan de top van Europa\u2019s ranglijst voor levensduur<\/h2>\n\n\n\n<p>Recent onderzoek van Funcas, vorige week gerapporteerd door <em>Sur in English<\/em>, toont aan dat de gemiddelde levensverwachting in Spanje in 2023 84 jaar bedroeg \u2013 meer dan twee jaar langer dan het EU-gemiddelde van 81,7 jaar (<em><a href=\"https:\/\/www.surinenglish.com\/spain\/spain-enjoys-the-longest-life-expectancy-birth-20250923090812-nt.html?utm_source=chatgpt.com\" target=\"_blank\" rel=\"noreferrer noopener nofollow\">Sur in English<\/a><\/em>, <a href=\"https:\/\/www.funcas.es\/wp-content\/uploads\/2025\/09\/Focus-2509_Final2.pdf?utm_source=chatgpt.com\" target=\"_blank\" rel=\"noreferrer noopener nofollow\">Funcas<\/a>).<\/p>\n\n\n\t<figure class=\"wp-caption aligncenter wp-block-acf-wpimage\">\n\t<picture><source width=\"900\" height=\"525\" srcset=\"https:\/\/media.panoramamarbella.com\/imgV1\/B95mbh8olwFQm~uCT2wPZMb8hll4wghQQQq6YWg0~c~U_DrmgY8pGP8pqaDzA6mvjyI_OPtcrHD_aKxDZZC6~DQR4PKjgCmn1rlljGOM8TIQFUNUNr_rrPO60qdJJHHueZYKIjfPAZBcdx2ZvUU7mtCU9OI1~qNUeakHtK9KLnfF6DBEciG8rDbEReP17OdX2~zwYVHfXBgjbQ--.webp 900w\" type=\"image\/webp\"><img decoding=\"async\" class=\"img-fluid\" loading=\"lazy\" width=\"900\" height=\"525\" alt=\"levensverwachting. Staafdiagram met de titel \u201cLevensverwachting in de EU\u201d waarin de gemiddelde levensverwachting (in jaren) van de EU-landen wordt vergeleken. Spanje staat bovenaan met 84,0 jaar, gevolgd door Itali\u00eb (83,6), Zweden (83,3) en Frankrijk (83,0). De laagste levensverwachtingen zijn in Bulgarije (74,5) en Letland (74,2). Het EU-gemiddelde is aangegeven op 81,7 jaar.\" src=\"https:\/\/media.panoramamarbella.com\/imgV1\/B95mbh8olwFQm~uCT2wPZMb8hll4wghQQQq6YWg0~c~U_DrmgY8pGP8pqaDzA6mvjyI_OPtcrHD_aKxDZZC6~DQR4PKjgCmn1rlljGOM8TIQFUNUNr_rrPO60qdJJHHueZYKIjfPAZBcdx2ZvUU7mtCU9OI1~r3MRTbwKzyA76HVkTGZg3uK.jpg\"><\/picture>\t\t<\/figure>\n\t\n\n\n<p>Er is een klein verschil tussen mannen en vrouwen dat in de loop van de decennia kleiner is geworden. Spaanse vrouwen staan bovenaan in de hele EU met een levensverwachting van 86,7 jaar, ongeveer 2,4 jaar langer dan hun Europese buurvrouwen. Spaanse mannen leven gemiddeld 81,3 jaar, wat hen de vijfde plaats in Europa oplevert, maar nog steeds twee jaar boven het EU-gemiddelde voor mannen.<\/p>\n\n\n\n<p>In 1990 leefden Spaanse vrouwen 7,3 jaar langer dan mannen. In 2023 was dat verschil gedaald tot 5,4 jaar, waarbij mannen de kloof sneller dichten.<\/p>\n\n\n\n<h2 class=\"wp-block-heading\">Regionale verschillen binnen Spanje<\/h2>\n\n\n\n<p>De levensverwachting in Spanje is niet overal gelijk. Madrid voert alle EU-regio\u2019s aan met een levensverwachting van 86,1 jaar, gevolgd door Navarra en Castili\u00eb en Le\u00f3n, die beide tot de tien beste regio\u2019s van Europa behoren.<\/p>\n\n\n\t<figure class=\"wp-caption aligncenter wp-block-acf-wpimage\">\n\t<picture><source width=\"900\" height=\"699\" srcset=\"https:\/\/media.panoramamarbella.com\/imgV1\/B95mbh8olwFQm~uCT2wPZMb8hll4wghQQQq6YWg0~c~U_DrmgY8pGP8pqaDzA6mvjyI_OPtcrHD_aKxDZZC6~DcEPo0jq5azz~wUP_mG20g41vjWIWD_qQ~P8400jG1soXXj8jr71CBttslkz8nkdfa_Zzu~pvW0PiqmvIqH4RayoVdyXS~cuZiEc9xMvxoWCubGj1cazilDKw--.webp 900w\" type=\"image\/webp\"><img decoding=\"async\" class=\"img-fluid\" loading=\"lazy\" width=\"900\" height=\"699\" alt=\"Kaart van Spanje met de autonome regio\u2019s en de buurlanden. De kaart benadrukt regio\u2019s zoals Andalusi\u00eb, Cataloni\u00eb, Valencia, Madrid, Castili\u00eb en Le\u00f3n, Galici\u00eb, Baskenland en de Balearen. Portugal ligt in het westen, Frankrijk in het noordoosten, en Spanje wordt in het oosten begrensd door de Middellandse Zee en in het westen door de Atlantische Oceaan.\" src=\"https:\/\/media.panoramamarbella.com\/imgV1\/B95mbh8olwFQm~uCT2wPZMb8hll4wghQQQq6YWg0~c~U_DrmgY8pGP8pqaDzA6mvjyI_OPtcrHD_aKxDZZC6~DcEPo0jq5azz~wUP_mG20g41vjWIWD_qQ~P8400jG1soXXj8jr71CBttslkz8nkdfa_Zzu~puvnN4fWsCqqdPRt7A~ggolM.jpg\"><\/picture>\t\t<\/figure>\n\t\n\n\n<h2 class=\"wp-block-heading\">Waarom is de levensverwachting in Spanje zo hoog?<\/h2>\n\n\n\n<p>Er is niet \u00e9\u00e9n enkele reden, maar eerder een combinatie van levensstijl, omgeving en gezondheidszorg:<\/p>\n\n\n\n<ul class=\"wp-block-list\">\n<li><strong>Mediterrane voeding:<\/strong> Verse groenten en fruit, olijfolie, vis en een cultuur van evenwichtige voeding dragen bij aan een gezonde bloedsomloop.<\/li>\n\n\n\n<li><strong>Klimaat en buitenleven:<\/strong> Dankzij milde winters en lange zomers speelt het leven zich grotendeels buiten af, wat zorgt voor meer lichaamsbeweging en sociale contacten.<\/li>\n<\/ul>\n\n\n\t<figure class=\"wp-caption aligncenter wp-block-acf-wpimage\">\n\t<picture><source width=\"900\" height=\"600\" srcset=\"https:\/\/media.panoramamarbella.com\/imgV1\/B95mbh8olwFQm~uCT2wPZMb8hll4wghQQQq6YWg0~c~U_DrmgY8pGP8pqaDzA6mvjyI_OPtcrHD_aKxDZZC6~DYHDPv_Ht6FnORFcKLPRpds8l5P8LoY8zaesfl4gX2FXx_nVxG9wz1apiMYOeuXw37f_QiNAjV6ZpnbjYWNSuQwjqXLWxMRJeaIXUiSAP1E3lmKWm8q3FlamA--.webp 900w\" type=\"image\/webp\"><img decoding=\"async\" class=\"img-fluid\" loading=\"lazy\" width=\"900\" height=\"600\" alt=\"Groep van vier oudere volwassenen die samen genieten van een barbecue op een terras. Ze lachen, houden glazen rode wijn vast en bereiden eten op de grill. De sfeer is warm en ontspannen, met lichtslingers en daken zichtbaar op de achtergrond.\" src=\"https:\/\/media.panoramamarbella.com\/imgV1\/B95mbh8olwFQm~uCT2wPZMb8hll4wghQQQq6YWg0~c~U_DrmgY8pGP8pqaDzA6mvjyI_OPtcrHD_aKxDZZC6~DYHDPv_Ht6FnORFcKLPRpds8l5P8LoY8zaesfl4gX2FXx_nVxG9wz1apiMYOeuXw37f_QiNAivhgtw4dmCHvinw_tEH0own.jpg\"><\/picture>\t\t<\/figure>\n\t\n\n\n<ul class=\"wp-block-list\">\n<li><strong>Gezondheidszorg:<\/strong> Het Spaanse openbare zorgstelsel staat bekend als een van de beste ter wereld, is breed toegankelijk en speelt een cruciale rol bij preventie en behandeling.<br><em>Lees meer: (<\/em><a href=\"https:\/\/www.panoramamarbella.com\/nl\/news\/ziekenhuizen-in-marbella\" data-type=\"post\" data-id=\"39940\">Ziekenhuizen in Marbella en aan de Costa del Sol<\/a><\/li>\n\n\n\n<li><strong>Familie- en sociale banden:<\/strong> Slechts 23% van de oudere Spanjaarden woont alleen, vergeleken met 32% in Europa als geheel. Dat betekent dat velen dagelijks profiteren van gezelschap en ondersteuning.<\/li>\n<\/ul>\n\n\n\n<p>Natuurlijk blijven er uitdagingen bestaan. De Covid-19-pandemie veroorzaakte in heel Europa een daling van de levensverwachting, en Spanje was daarop geen uitzondering. En hoewel Spanjaarden langer leven, zal het behouden van gezonde levensjaren \u2013 zonder beperkingen of chronische ziekten \u2013 de echte uitdaging zijn in de komende decennia (<a href=\"https:\/\/eurohealthobservatory.who.int\/publications\/m\/spain-country-health-profile-2023?utm_source=chatgpt.com\" target=\"_blank\" rel=\"noreferrer noopener nofollow\">WHO<\/a>).<\/p>\n\n\n\t<figure class=\"wp-caption aligncenter wp-block-acf-wpimage\">\n\t<picture><source width=\"900\" height=\"573\" srcset=\"https:\/\/media.panoramamarbella.com\/imgV1\/B95mbh8olwFQm~uCT2wPZMb8hll4wghQQQq6YWg0~c~U_DrmgY8pGP8pqaDzA6mvjyI_OPtcrHD_aKxDZZC6~DFhECRgBOuPq7BIg~3AJiq0j7S3xNKFCsUCdlCJbjftT4vegmnilAjmj4Rn4XxrvlhRUwjWmsgivCsFxsM1MyDc0rrosqCiyzD6_gkKplpa_IO_pXzCyziOng--.webp 900w\" type=\"image\/webp\"><img decoding=\"async\" class=\"img-fluid\" loading=\"lazy\" width=\"900\" height=\"573\" alt=\"Oudere vrouw met een zonnehoed en zonnebril, leunend op een houten reling en uitkijkend over de zee. Op de achtergrond een zonnig strand met rieten parasols, een blauwe lucht en rustige golven, wat een vredige en ontspannen sfeer uitstraalt.\" src=\"https:\/\/media.panoramamarbella.com\/imgV1\/B95mbh8olwFQm~uCT2wPZMb8hll4wghQQQq6YWg0~c~U_DrmgY8pGP8pqaDzA6mvjyI_OPtcrHD_aKxDZZC6~DFhECRgBOuPq7BIg~3AJiq0j7S3xNKFCsUCdlCJbjftT4vegmnilAjmj4Rn4XxrvlhRUwjWmtawD30Xeop9x4T5Ax~IYHXm.jpg\"><\/picture>\t\t<\/figure>\n\t\n\n\n<h2 class=\"wp-block-heading\">Verhuizen naar Spanje<\/h2>\n\n\n\n<p>De levensverwachting in Spanje is niet zomaar een cijfer, maar een weerspiegeling van hoe mensen hier leven: dicht bij de familie, genietend van vers eten, zonneschijn en het gemeenschapsleven. <em>Lees meer: (<a href=\"https:\/\/www.panoramamarbella.com\/nl\/news\/verhuizen-naar-marbella-gezondheid\">Het Marbella-effect<\/a>)<\/em><\/p>\n\n\n\n<p>Ben je van plan om naar Spanje te verhuizen, of misschien al op zoek naar een huis in Marbella en de Costa del Sol? Panorama heeft meer dan 55 jaar ervaring in het helpen van mensen bij het vinden van hun droomhuis. We helpen je graag een woning te vinden waar je van elk van die extra jaren kunt genieten. Voor vragen kun je <a href=\"https:\/\/www.panoramamarbella.com\/nl\/contact?campaign=14817371245&#038;content=549001945825&#038;keyword=panorama%20marbella&#038;gad_source=1&#038;gad_campaignid=14817371245&#038;gbraid=0AAAAADF7tb8HdWczahsUVtj0zo4jcNKiX&#038;gclid=CjwKCAjw_-3GBhAYEiwAjh9fUFg1t8qmStDRTkQHT34V7D8ijEWHqNU8OEEmNd3oeJLWNe0le72kfBoCFuAQAvD_BwE\">hier contact met ons opnemen<\/a>.<\/p>\n\n\n<article class=\"col w-100 position-relative wp-block-acf-banner\">\n    <div class=\"d-flex flex-wrap flex-column flex-xl-row align-items-start align-items-xl-end gap-4 w-100 bg-secondary text-white p-4\">\n        <div class=\"d-flex flex-column\">\n\t\t\t            <a href=\"https:\/\/www.panoramamarbella.com\/nl\/newsletter\" class=\"stretched-link text-white text-decoration-none\" title=\"Vond je het leuk om te lezen?\">\n\t\t\t\t<h2 class=\"text-white mb-3\">Vond je het leuk om te lezen?<\/h2>            <\/a>\n\t\t\t            <p class=\"mb-0\">\n                Abonneer je op onze nieuwsbrief voor boeiende artikelen, exclusieve inhoud en de laatste updates.            <\/p>\n\t\t\t        <\/div>\n\t\t        <span class=\"btn btn-outline-light ms-xl-auto\">Panorama Nieuwsbrief<\/span>\n\t\t    <\/div>\n<\/article>\n\n\n\n\n\n\t\t<section class=\"container wp-block-acf-inmpropselection\">\n\t\t\t<h2>Waar goed leven ook langer leven betekent<\/h2>\t\t\t<div class=\"row row-cols-1 row-cols-lg-3 gy-5 g-xxl-5\">\n\t\t\t\t\n<article class=\"col card-properties position-relative d-flex flex-column\">\n\t<div id=\"carouselCardProperties-1-0\" class=\"card-properties-images carousel slide carousel-fade lazy\" data-bs-ride=\"carousel\" data-bs-interval=\"200000\" data-id=\"698664\">\n\t\t<div class=\"carousel-inner\">\n\t\t\t<figure class=\"carousel-item mb-0 active ratio ratio-4x3\">\n\t\t\t\t<picture><source sizes=\"(max-width: 575px) calc(100vw - 24px), (max-width: 767px) 516px, (max-width: 991px) 696px, (max-width: 1199px) 296px, (max-width: 1399px) 356px, 400px\" width=\"696\" height=\"522\" srcset=\"https:\/\/media.panoramamarbella.com\/imgV1\/B95mbh8olwFQm~uCUaVOI2kQT0hb0a8sZ9turUNfnwtvuccYCzs0YVPfPbfkc2VnnN1JFDpkYaGfw1gJsS~5hOu8ClA27V6xVP6zyKoKPS1Mn7WRHYZMLWv_YHD73v3wTA8HWCCOpMnXwN2uAr5VSPiSO7karRIMiZTPqCu_dZ5fuWR0YCW6_1pG5Bl~Hp5WroeZ3HQAZ5bJuMGEOv79bl9k214P5Nw2k7gr9ANpozAASAFpx51KqYb~IgRpbC3Nm7LGaJqZPuy9KH5g7qzcuC2cvd8aXgZUiX05nn3MiVFBu3_R0uApWqg0GDDTU7GVpDHN0uiwmWHOPGRGcV19lVB5JeSIN5bWCc0XpEoi3uZ0T3eXN37TL0i518tYi19KAllVsHHd0sbTDHyPO_Nw~4KnnSNcB9zdZy_Falf9Nm2Qd8UylRZPY3Up0552~WYpYFfMu6~cQQhix6~xJmlu.webp 696w,https:\/\/media.panoramamarbella.com\/imgV1\/B95mbh8olwFQm~uCUaVOI2kQT0hb0a8sZ9turUNfnwtvuccYCzs0YVPfPbfkc2VnnN1JFDpkYaGfw1gJsS~5hOu8ClA27V6xVP6zyKoKPS1Mn7WRHYZMLWv_YHD73v3wTA8HWCCOpMnXwN2uAr5VSPiSO7karRIMiZTPqCu_dxsgwbeNJ3yUNRGy~HNlq7dkSM2WX~69OJOJ5Rf_OC19ofiiJFxHjWv2u3u0P4hi6O0xoN_eKF2nSgtPXKVIDb6vkB7sMfUcYSFaA8MkPym_Gpt83~i_ztzET0MbhzNjsKTdK5NbqRNgl5yWC5YxwwmAj1QP7QCWT0mNwDbjKvcT6HKFDihRXrRi~rK1hGgEsn~KGSB8yKC8a2ZAlw1Y0g7iH3vxsT0JHikRupGzmmtHsrKXqc6p8M2~T5e5ifxWDLJfJRqdDdAaQRy8mbVTKnDv_ya2ucuiMT0AMrtAXM~J.webp 400w\" type=\"image\/webp\"><img decoding=\"async\" class=\"position-absolute w-100 h-100 object-fit-cover\" alt=\"Uniek appartement op de begane grond met zeezicht in de Japanse Tuinen van Marina Puente Romano\" loading=\"lazy\" width=\"696\" height=\"522\" src=\"https:\/\/media.panoramamarbella.com\/imgV1\/B95mbh8olwFQm~uCUaVOI2kQT0hb0a8sZ9turUNfnwtvuccYCzs0YVPfPbfkc2VnnN1JFDpkYaGfw1gJsS~5hOu8ClA27V6xVP6zyKoKPS1Mn7WRHYZMLWv_YHD73v3wTA8HWCCOpMnXwN2uAr5VSPiSO7karRIMiZTPqCu_dZ5fuWR0YCW6_1pG5Bl~AOWCKsfURyq35vm55dIauvG9uVaSivcgS4ajblndO75z1CH0f2jKmqCp4xxFvz8SGfsGZsvJDXqx_1ZOdq6C3Ciw5BdH3mBMTlmpWiwr03l4R5h6rIkh70WK8PZkn3TMc7aMyNa5IHcJVNmTEhV8AxRljU0iGmAWvH9H8Jc12IGx0P0jWsreOMhWj1MxEo9KATyoLWCUe5JwyP7SYClFp7YUmD7e40GOUqwrJuzlqrEiOyMmHv7XqSzouqYV54M-.jpg\"><\/picture>\t\t\t<\/figure>\n\t\t\t\t\t\t<span class=\"card-properties-tag position-absolute z-2 top-0 start-0 bg-secondary text-white py-1 px-3 ms-3\">\n\t\t\t\tAanbevolen\t\t\t<\/span>\n\t\t\t\t\t\t<span class=\"card-properties-ref position-absolute z-2 bottom-0 end-0 bg-white text-primary py-1 px-3 me-3\">\n\t\t\t\tPANR-16359\t\t\t<\/span>\n\t\t\t<button class=\"card-properties-portfolio d-flex align-items-center justify-content-center position-absolute z-3 end-0 text-white bg-primary me-3 border-0 px-0\" data-pfl-id=\"698664\" data-pfl-filter=\"sale\" aria-label=\"Add to portfolio\">\n\t\t\t\t<svg width=\"18\" fill=\"currentColor\" viewBox=\"0 0 512 512\">\n\t\t\t\t\t<use href=\"https:\/\/www.panoramamarbella.com\/wp-content\/themes\/panoramamarbella\/dist\/src\/images\/icons.svg#svgHeart\"><\/use>\n\t\t\t\t<\/svg>\n\t\t\t\t<svg width=\"18\" fill=\"currentColor\" viewBox=\"0 0 512 512\">\n\t\t\t\t\t<use href=\"https:\/\/www.panoramamarbella.com\/wp-content\/themes\/panoramamarbella\/dist\/src\/images\/icons.svg#svgHeartIn\"><\/use>\n\t\t\t\t<\/svg>\n\t\t\t<\/button>\n\t\t<\/div>\n\t\t\t\t<button\n\t\t\tclass=\"carousel-control-prev\"\n\t\t\ttype=\"button\"\n\t\t\tdata-bs-target=\"#carouselCardProperties-1-0\"\n\t\t\tdata-bs-slide=\"prev\">\n\t\t\t<span class=\"carousel-control-prev-icon\" aria-hidden=\"true\"><\/span>\n\t\t\t<span class=\"visually-hidden\">Vorige<\/span>\n\t\t<\/button>\n\t\t<button\n\t\t\tclass=\"carousel-control-next\"\n\t\t\ttype=\"button\"\n\t\t\tdata-bs-target=\"#carouselCardProperties-1-0\"\n\t\t\tdata-bs-slide=\"next\">\n\t\t\t<span class=\"carousel-control-next-icon\" aria-hidden=\"true\"><\/span>\n\t\t\t<span class=\"visually-hidden\">Volgende<\/span>\n\t\t<\/button>\n\t\t\t<\/div>\n\t<div class=\"d-flex flex-column h-100 px-3 py-4 shadow\">\n\t\t\t\t<h3 class=\"card-properties-title mb-3\">\n\t\t\t<a class=\"stretched-link\" href=\"\/nl\/eigendom\/marbella\/marbella-golden-mile\/marina-puente-romano\/appartementen\/PANR-16359\">\n\t\t\t\tUniek appartement op de begane grond met zeezicht in de Japanse Tuinen van Marina Puente Romano\t\t\t<\/a>\n\t\t<\/h3>\n\t\t<p class=\"mb-3 text-black-dark\">Marina Puente Romano, Marbella Golden Mile<\/p>\n\t\t\t\t\t\t<p class=\"card-properties-description mb-3\">\n\t\t\tOntdek het toppunt van moeiteloos luxe wonen in dit schitterende, zuidwestelijk geori\u00ebnteerde verhoogde appartement op de begane grond, gelegen in het iconische Puente Romano Beach Resort en Spa \u2014 een van Marbella\u2019s meest prestigieuze en&#8230;\t\t<\/p>\n\t\t\t\t<span class=\"card-properties-price mt-auto\">\n\t\t\t\n\t\t\t<span class=\"card-properties-price mt-auto\" data-original-price=\"4950000\">\u20ac\u00a04.950.000<\/span>\n\t\t\t\t<\/span>\n\t\t\t\t<ul class=\"card-properties-features list-unstyled d-flex flex-wrap align-items-center gap-3 pt-3 border-top mt-3 mb-0\">\n\t\t\t<li class=\"d-flex align-items-center\">3 Slaapkamers<\/li><li class=\"d-flex align-items-center\">3 Baden<\/li>\t\t\t\t<li class=\"d-flex align-items-center\">\n\t\t\t\t\t <span class=\"me-1\" data-original-value=\"180\" data-original-unit=\"m&#038;sup2\">180 m&sup2;<\/span>Totaal\t\t\t\t<\/li>\n\t\t\t\t\t\t\t<li class=\"d-flex align-items-center\">\n\t\t\t\t\t <span class=\"me-1\" data-original-value=\"140\" data-original-unit=\"m&#038;sup2\">140 m&sup2;<\/span>Gebouwd\t\t\t\t<\/li>\n\t\t\t\t\t\t\t<li class=\"d-flex align-items-center\">\n\t\t\t\t\t <span class=\"me-1\" data-original-value=\"40\" data-original-unit=\"m&#038;sup2\">40 m&sup2;<\/span>Terrassen\t\t\t\t<\/li>\n\t\t\t\t\t<\/ul>\n\t\t\t<\/div>\n<\/article>\n\n\n<article class=\"col card-properties position-relative d-flex flex-column\">\n\t<div id=\"carouselCardProperties-1-1\" class=\"card-properties-images carousel slide carousel-fade lazy\" data-bs-ride=\"carousel\" data-bs-interval=\"200000\" data-id=\"698452\">\n\t\t<div class=\"carousel-inner\">\n\t\t\t<figure class=\"carousel-item mb-0 active ratio ratio-4x3\">\n\t\t\t\t<picture><source sizes=\"(max-width: 575px) calc(100vw - 24px), (max-width: 767px) 516px, (max-width: 991px) 696px, (max-width: 1199px) 296px, (max-width: 1399px) 356px, 400px\" width=\"696\" height=\"522\" srcset=\"https:\/\/media.panoramamarbella.com\/imgV1\/B95mbh8olwFQm~uCUaVOI2kQT0hb0a8sZ9turUNfnwtvuccYCzs0YVPfPbfkc2VnnN1JFDpkYaGfw1gJsS~5hOu8AUZEQTHg7CLRX_1curmO2wUT0oMrRL1uiJLedOIKDN8v93fz93HwFQv7mvDjXTJ7lOrU4l83PE~Y7~g4uSwzq7fwptUkt8il_H0dUfDMbhzRCHO11LkysK_bxmVac4BLYh_a2hSE6xc4RNhtWQy0GnsnoQrJccDe7cp8t7Ce6UlO1DWqwXSJYUCDuwP7QwoWCJkTw27ijwwwpB98FcoNDGs~dLIP7I2GDa3nOd4g1SjhL97WDkXGdj2aFX5fwQPpaxEz9JYPNAHCS8LI6VPreTQIillN_1gkADuMHYT2CJSd5rwzlKJJZqM2B1EGJzPLGXSc9ooOUU7qL2ig99dCjaK189Pp7TsIOGVaDX9oXhEFrF_Ia4RltvugvjBP.webp 696w,https:\/\/media.panoramamarbella.com\/imgV1\/B95mbh8olwFQm~uCUaVOI2kQT0hb0a8sZ9turUNfnwtvuccYCzs0YVPfPbfkc2VnnN1JFDpkYaGfw1gJsS~5hOu8AUZEQTHg7CLRX_1curmO2wUT0oMrRL1uiJLedOIKDN8v93fz93HwFQv7mvDjXTJ7lOrU4l83PE~Y7~g4u~df~Tano1nt9Ue6uk~XBWFCGo8b5uz9KD25B9Qw7evRA8SqFZq34AgCn5JX6EuhbeRrvvPVHMrvFUE2AO7h4SlLQw6ob~_m94R0S7sqNgkVrMEquSzkE9nasFMmps2VzAHYdSAQ2wTz4HwlOQKPdZH_kxNfiyNr1LkWz6W0SPGJz_J5jSuIrO8m9wUmUgBw7W4bVwwlZXewN8w4PgVWe867xysmy5y9aWPRh5yB7zWFKCmqm7usE_2JL120Zpd5k0n~nRNSy0VF9XmSJWinpqt3IAb2BAerv9YNOwzXXZg6.webp 400w\" type=\"image\/webp\"><img decoding=\"async\" class=\"position-absolute w-100 h-100 object-fit-cover\" alt=\"Onberispelijk appartement met zeezicht in Bahia del Velerin, Estepona\" loading=\"lazy\" width=\"696\" height=\"522\" src=\"https:\/\/media.panoramamarbella.com\/imgV1\/B95mbh8olwFQm~uCUaVOI2kQT0hb0a8sZ9turUNfnwtvuccYCzs0YVPfPbfkc2VnnN1JFDpkYaGfw1gJsS~5hOu8AUZEQTHg7CLRX_1curmO2wUT0oMrRL1uiJLedOIKDN8v93fz93HwFQv7mvDjXTJ7lOrU4l83PE~Y7~g4uSwzq7fwptUkt8il_H0dT~d80FU6rzBEPKVvi7_9uKyowpu_WM6HzT2BejtGMxY4Ue4yJKg6tygbAbOs4O2zuBdhFbcIhyEehd0GrogCmXKavWLN_n86mIIQdIrcaS0D4WN6WOtwoDECcJPnCoGASy5m1KGKXUks15kVrhZufydUhekpIBkQZbMRjCpoPPH~gROlE7YzRlNm41NdY7EbPR9x5kL9_LwgSvVMZ6RHdRXrOZjwX9fLz9QxqTZ1Osni6X7J~ihA36h0OX6JJb8-.jpg\"><\/picture>\t\t\t<\/figure>\n\t\t\t\t\t\t<span class=\"card-properties-ref position-absolute z-2 bottom-0 end-0 bg-white text-primary py-1 px-3 me-3\">\n\t\t\t\tPANR-16352\t\t\t<\/span>\n\t\t\t<button class=\"card-properties-portfolio d-flex align-items-center justify-content-center position-absolute z-3 end-0 text-white bg-primary me-3 border-0 px-0\" data-pfl-id=\"698452\" data-pfl-filter=\"sale\" aria-label=\"Add to portfolio\">\n\t\t\t\t<svg width=\"18\" fill=\"currentColor\" viewBox=\"0 0 512 512\">\n\t\t\t\t\t<use href=\"https:\/\/www.panoramamarbella.com\/wp-content\/themes\/panoramamarbella\/dist\/src\/images\/icons.svg#svgHeart\"><\/use>\n\t\t\t\t<\/svg>\n\t\t\t\t<svg width=\"18\" fill=\"currentColor\" viewBox=\"0 0 512 512\">\n\t\t\t\t\t<use href=\"https:\/\/www.panoramamarbella.com\/wp-content\/themes\/panoramamarbella\/dist\/src\/images\/icons.svg#svgHeartIn\"><\/use>\n\t\t\t\t<\/svg>\n\t\t\t<\/button>\n\t\t<\/div>\n\t\t\t\t<button\n\t\t\tclass=\"carousel-control-prev\"\n\t\t\ttype=\"button\"\n\t\t\tdata-bs-target=\"#carouselCardProperties-1-1\"\n\t\t\tdata-bs-slide=\"prev\">\n\t\t\t<span class=\"carousel-control-prev-icon\" aria-hidden=\"true\"><\/span>\n\t\t\t<span class=\"visually-hidden\">Vorige<\/span>\n\t\t<\/button>\n\t\t<button\n\t\t\tclass=\"carousel-control-next\"\n\t\t\ttype=\"button\"\n\t\t\tdata-bs-target=\"#carouselCardProperties-1-1\"\n\t\t\tdata-bs-slide=\"next\">\n\t\t\t<span class=\"carousel-control-next-icon\" aria-hidden=\"true\"><\/span>\n\t\t\t<span class=\"visually-hidden\">Volgende<\/span>\n\t\t<\/button>\n\t\t\t<\/div>\n\t<div class=\"d-flex flex-column h-100 px-3 py-4 shadow\">\n\t\t\t\t<h3 class=\"card-properties-title mb-3\">\n\t\t\t<a class=\"stretched-link\" href=\"\/nl\/eigendom\/estepona\/estepona-oost\/bahia-del-velerin\/appartementen\/PANR-16352\">\n\t\t\t\tOnberispelijk appartement met zeezicht in Bahia del Velerin, Estepona\t\t\t<\/a>\n\t\t<\/h3>\n\t\t<p class=\"mb-3 text-black-dark\">Bah\u00eda del Veler\u00edn, Estepona Oost<\/p>\n\t\t\t\t\t\t<p class=\"card-properties-description mb-3\">\n\t\t\tDit appartement aan het strand is volledig gerenoveerd en getransformeerd tot een uitzonderlijke residentie, afgewerkt met materialen van de hoogste kwaliteit en een verfijnd eigentijds ontwerp. Gelegen in een van de meest exclusieve wooncomplexen aan&#8230;\t\t<\/p>\n\t\t\t\t<span class=\"card-properties-price mt-auto\">\n\t\t\t\n\t\t\t<span class=\"card-properties-price mt-auto\" data-original-price=\"1895000\">\u20ac\u00a01.895.000<\/span>\n\t\t\t\t<\/span>\n\t\t\t\t<ul class=\"card-properties-features list-unstyled d-flex flex-wrap align-items-center gap-3 pt-3 border-top mt-3 mb-0\">\n\t\t\t<li class=\"d-flex align-items-center\">3 Slaapkamers<\/li><li class=\"d-flex align-items-center\">2 Baden<\/li>\t\t\t\t<li class=\"d-flex align-items-center\">\n\t\t\t\t\t <span class=\"me-1\" data-original-value=\"145\" data-original-unit=\"m&#038;sup2\">145 m&sup2;<\/span>Totaal\t\t\t\t<\/li>\n\t\t\t\t\t\t\t<li class=\"d-flex align-items-center\">\n\t\t\t\t\t <span class=\"me-1\" data-original-value=\"122\" data-original-unit=\"m&#038;sup2\">122 m&sup2;<\/span>Gebouwd\t\t\t\t<\/li>\n\t\t\t\t\t\t\t<li class=\"d-flex align-items-center\">\n\t\t\t\t\t <span class=\"me-1\" data-original-value=\"23\" data-original-unit=\"m&#038;sup2\">23 m&sup2;<\/span>Terrassen\t\t\t\t<\/li>\n\t\t\t\t\t<\/ul>\n\t\t\t<\/div>\n<\/article>\n\n\n<article class=\"col card-properties position-relative d-flex flex-column\">\n\t<div id=\"carouselCardProperties-1-2\" class=\"card-properties-images carousel slide carousel-fade lazy\" data-bs-ride=\"carousel\" data-bs-interval=\"200000\" data-id=\"697691\">\n\t\t<div class=\"carousel-inner\">\n\t\t\t<figure class=\"carousel-item mb-0 active ratio ratio-4x3\">\n\t\t\t\t<picture><source sizes=\"(max-width: 575px) calc(100vw - 24px), (max-width: 767px) 516px, (max-width: 991px) 696px, (max-width: 1199px) 296px, (max-width: 1399px) 356px, 400px\" width=\"696\" height=\"522\" srcset=\"https:\/\/media.panoramamarbella.com\/imgV1\/B95mbh8olwFQm~uCUaVOI2kQT0hb0a8sZ9turUNfnwtvuccYCzs0YVPfPbfkc2VnnN1JFDpkYaGfw1gJsS~5hOu9X5J_GGESH79I62csjOueuTbhRLPEQEkioevvhdrpjaWZvyQirO9yl0pilvxoweqB_Ivhe0U_Jy8EpEUkkIerqgeQoKU1mQB5R7jXZ4z2~yGHtb6~CBhi84a2F0raVYWLu7HUrDtit56FaP4OzvluUMGSwtGFlSJjr8yarAflGi10pMdlOSw4pYbz1aqK6iIVhkYwfTShqk4tM8jcl3NydxgqIaQ5Hr3LCHJIjKmxTaM1YMrEvaemAODXyC~Axri4wdZFcJwZbcVOP6nZFqFub0gDbEaJ8ewY0NDjqGgCUFpu9RkXt5X2GSkuGu1KRN9zum7V9133uqsztpj3Tuu9VQfPyxoXd8UjT0SxZc5xix8YhCigEA3G9dEBKBQ2.webp 696w,https:\/\/media.panoramamarbella.com\/imgV1\/B95mbh8olwFQm~uCUaVOI2kQT0hb0a8sZ9turUNfnwtvuccYCzs0YVPfPbfkc2VnnN1JFDpkYaGfw1gJsS~5hOu9X5J_GGESH79I62csjOueuTbhRLPEQEkioevvhdrpjaWZvyQirO9yl0pilvxoweqB_Ivhe0U_Jy8EpEUkko1a78AnfDVp7Xlsgx3km_Rd47QqHGmTwbNqdRjMS62fS8JkHMlnjYi2Wtt450XydYXva8FoZJ25irlVO5Ob7WT2ai1w6Lt5Xskty6pLQlJxFmgZgJeqWTkfUbXDR1VHOqoNnqF4XSbRybXd4uMgVBoJgOCP8Pclw0gYC8Q12nBtMMEN1IEFdpKdFxHfuKC25RIEs5LT1WXuLWTNQdbX6ZFeI5ljV9FbJzAQWoXuA3_2bpay0lG_RdcVguU4wa~kZ90i1jVqD~4CMzTkUDnsFBpBXUK49EKzkx6U2GFqJIdV.webp 400w\" type=\"image\/webp\"><img decoding=\"async\" class=\"position-absolute w-100 h-100 object-fit-cover\" alt=\"Elegant en ruim appartement in Monte Para\u00edso, Marbella Golden Mile\" loading=\"lazy\" width=\"696\" height=\"522\" src=\"https:\/\/media.panoramamarbella.com\/imgV1\/B95mbh8olwFQm~uCUaVOI2kQT0hb0a8sZ9turUNfnwtvuccYCzs0YVPfPbfkc2VnnN1JFDpkYaGfw1gJsS~5hOu9X5J_GGESH79I62csjOueuTbhRLPEQEkioevvhdrpjaWZvyQirO9yl0pilvxoweqB_Ivhe0U_Jy8EpEUkkIerqgeQoKU1mQB5R7jXeWxKG4WFc0r0jyU19QwVg7FsBvsfoxVA5XgamVQrf_jARna9MwfGJ_sIy1TKvV_QvlsFKBbK~zX3vf_~yOuUhkGrWmJzk8aU07AVE9I41NTOfjcdfUJtORtzA_2sDztu73S3KXN9Rtr2rbiH_L2c4QOcSN1mofbCoiWIzmfLY6aEGmmMTYaeRyhsYnHOtCu1fX~dj5QBcJYiVpHwfmSiIlKruSq2F76orZwAj9Dx_4UUWOealiWClosu_VCJtYs-.jpg\"><\/picture>\t\t\t<\/figure>\n\t\t\t\t\t\t<span class=\"card-properties-ref position-absolute z-2 bottom-0 end-0 bg-white text-primary py-1 px-3 me-3\">\n\t\t\t\tPANR-16340\t\t\t<\/span>\n\t\t\t<button class=\"card-properties-portfolio d-flex align-items-center justify-content-center position-absolute z-3 end-0 text-white bg-primary me-3 border-0 px-0\" data-pfl-id=\"697691\" data-pfl-filter=\"sale\" aria-label=\"Add to portfolio\">\n\t\t\t\t<svg width=\"18\" fill=\"currentColor\" viewBox=\"0 0 512 512\">\n\t\t\t\t\t<use href=\"https:\/\/www.panoramamarbella.com\/wp-content\/themes\/panoramamarbella\/dist\/src\/images\/icons.svg#svgHeart\"><\/use>\n\t\t\t\t<\/svg>\n\t\t\t\t<svg width=\"18\" fill=\"currentColor\" viewBox=\"0 0 512 512\">\n\t\t\t\t\t<use href=\"https:\/\/www.panoramamarbella.com\/wp-content\/themes\/panoramamarbella\/dist\/src\/images\/icons.svg#svgHeartIn\"><\/use>\n\t\t\t\t<\/svg>\n\t\t\t<\/button>\n\t\t<\/div>\n\t\t\t\t<button\n\t\t\tclass=\"carousel-control-prev\"\n\t\t\ttype=\"button\"\n\t\t\tdata-bs-target=\"#carouselCardProperties-1-2\"\n\t\t\tdata-bs-slide=\"prev\">\n\t\t\t<span class=\"carousel-control-prev-icon\" aria-hidden=\"true\"><\/span>\n\t\t\t<span class=\"visually-hidden\">Vorige<\/span>\n\t\t<\/button>\n\t\t<button\n\t\t\tclass=\"carousel-control-next\"\n\t\t\ttype=\"button\"\n\t\t\tdata-bs-target=\"#carouselCardProperties-1-2\"\n\t\t\tdata-bs-slide=\"next\">\n\t\t\t<span class=\"carousel-control-next-icon\" aria-hidden=\"true\"><\/span>\n\t\t\t<span class=\"visually-hidden\">Volgende<\/span>\n\t\t<\/button>\n\t\t\t<\/div>\n\t<div class=\"d-flex flex-column h-100 px-3 py-4 shadow\">\n\t\t\t\t<h3 class=\"card-properties-title mb-3\">\n\t\t\t<a class=\"stretched-link\" href=\"\/nl\/eigendom\/marbella\/marbella-golden-mile\/monte-paraiso\/appartementen\/PANR-16340\">\n\t\t\t\tElegant en ruim appartement in Monte Para\u00edso, Marbella Golden Mile\t\t\t<\/a>\n\t\t<\/h3>\n\t\t<p class=\"mb-3 text-black-dark\">Monte Paraiso, Marbella Golden Mile<\/p>\n\t\t\t\t\t\t<p class=\"card-properties-description mb-3\">\n\t\t\tDit prachtig gerenoveerde appartement is gelegen in de prestigieuze Monte Para\u00edso gemeenschap aan de Golden Mile van Marbella, een van de meest begeerde adressen aan de Costa del Sol. Met een toplocatie, op slechts enkele&#8230;\t\t<\/p>\n\t\t\t\t<span class=\"card-properties-price mt-auto\">\n\t\t\t\n\t\t\t<span class=\"card-properties-price mt-auto\" data-original-price=\"2450000\">\u20ac\u00a02.450.000<\/span>\n\t\t\t\t<\/span>\n\t\t\t\t<ul class=\"card-properties-features list-unstyled d-flex flex-wrap align-items-center gap-3 pt-3 border-top mt-3 mb-0\">\n\t\t\t<li class=\"d-flex align-items-center\">4 Slaapkamers<\/li><li class=\"d-flex align-items-center\">4 Baden<\/li>\t\t\t\t<li class=\"d-flex align-items-center\">\n\t\t\t\t\t <span class=\"me-1\" data-original-value=\"210\" data-original-unit=\"m&#038;sup2\">210 m&sup2;<\/span>Totaal\t\t\t\t<\/li>\n\t\t\t\t\t\t\t<li class=\"d-flex align-items-center\">\n\t\t\t\t\t <span class=\"me-1\" data-original-value=\"169\" data-original-unit=\"m&#038;sup2\">169 m&sup2;<\/span>Gebouwd\t\t\t\t<\/li>\n\t\t\t\t\t\t\t<li class=\"d-flex align-items-center\">\n\t\t\t\t\t <span class=\"me-1\" data-original-value=\"41\" data-original-unit=\"m&#038;sup2\">41 m&sup2;<\/span>Terrassen\t\t\t\t<\/li>\n\t\t\t\t\t<\/ul>\n\t\t\t<\/div>\n<\/article>\n\t\t\t<\/div>\n\t\t\t<ul class=\"mw-100 d-flex flex-column flex-lg-row flex-lg-wrap justify-content-center gap-3 list-unstyled mt-5 mb-0\">\n    <li><a class=\"btn btn-primary w-100 px-4 py-2\" href=\"https:\/\/www.panoramamarbella.com\/nl\/eigendom\">Te koop staande woningen<\/a><\/li><\/ul>\n\t\t<\/section>\n\t\t\n","protected":false},"excerpt":{"rendered":"<p>Spanje leidt Europa in levensverwachting: ontdek de cijfers en de bepalende factoren.<\/p>\n","protected":false},"author":7,"featured_media":27771,"comment_status":"closed","ping_status":"closed","sticky":false,"template":"","format":"standard","meta":{"_acf_changed":false,"footnotes":""},"categories":[42],"tags":[],"class_list":["post-28055","post","type-post","status-publish","format-standard","has-post-thumbnail","hentry","category-marbella-lifestyle-nl"],"acf":[],"_links":{"self":[{"href":"https:\/\/www.panoramamarbella.com\/nl\/wp-json\/wp\/v2\/posts\/28055","targetHints":{"allow":["GET"]}}],"collection":[{"href":"https:\/\/www.panoramamarbella.com\/nl\/wp-json\/wp\/v2\/posts"}],"about":[{"href":"https:\/\/www.panoramamarbella.com\/nl\/wp-json\/wp\/v2\/types\/post"}],"author":[{"embeddable":true,"href":"https:\/\/www.panoramamarbella.com\/nl\/wp-json\/wp\/v2\/users\/7"}],"replies":[{"embeddable":true,"href":"https:\/\/www.panoramamarbella.com\/nl\/wp-json\/wp\/v2\/comments?post=28055"}],"version-history":[{"count":1,"href":"https:\/\/www.panoramamarbella.com\/nl\/wp-json\/wp\/v2\/posts\/28055\/revisions"}],"predecessor-version":[{"id":40189,"href":"https:\/\/www.panoramamarbella.com\/nl\/wp-json\/wp\/v2\/posts\/28055\/revisions\/40189"}],"wp:featuredmedia":[{"embeddable":true,"href":"https:\/\/www.panoramamarbella.com\/nl\/wp-json\/wp\/v2\/media\/27771"}],"wp:attachment":[{"href":"https:\/\/www.panoramamarbella.com\/nl\/wp-json\/wp\/v2\/media?parent=28055"}],"wp:term":[{"taxonomy":"category","embeddable":true,"href":"https:\/\/www.panoramamarbella.com\/nl\/wp-json\/wp\/v2\/categories?post=28055"},{"taxonomy":"post_tag","embeddable":true,"href":"https:\/\/www.panoramamarbella.com\/nl\/wp-json\/wp\/v2\/tags?post=28055"}],"curies":[{"name":"wp","href":"https:\/\/api.w.org\/{rel}","templated":true}]}}