{"id":38395,"date":"2026-03-11T16:52:26","date_gmt":"2026-03-11T15:52:26","guid":{"rendered":"https:\/\/www.panoramamarbella.com\/?p=38395"},"modified":"2026-03-12T13:24:58","modified_gmt":"2026-03-12T12:24:58","slug":"groene-hypotheken-in-spanje","status":"publish","type":"post","link":"https:\/\/www.panoramamarbella.com\/nl\/news\/groene-hypotheken-in-spanje","title":{"rendered":"Groene hypotheken en duurzaam vastgoed in Spanje"},"content":{"rendered":"\n\n<h2 class=\"wp-block-heading\">Groene hypotheken en de opkomst van duurzaam vastgoed in Spanje<\/h2>\n\n\n<div class=\"lead\"><p>Gedurende het grootste deel van de afgelopen twee decennia werd duurzaamheid in vastgoed beschouwd als een extra voordeel. Een mooie eigenschap, misschien zelfs een verkoopargument, maar zelden het vertrekpunt van een gesprek. Dat is veranderd.<\/p>\n<p>In heel Europa, en in toenemende mate ook in Spanje, wordt duurzaamheid in vastgoed de nieuwe norm. Projectontwikkelaars ontwerpen anders en kopers zoeken toekomstbestendige woningen die milieubewust zijn. Banken beginnen energieprestaties mee te wegen bij de manier waarop woningen worden gefinancierd, wat heeft geleid tot de recente opkomst van de zogeheten groene hypotheken.<\/p>\n<\/div>\n\n\n<ul class=\"table-index list-unstyled p-4 p-lg-5 ms-0 bg-light\"><li class=\"text-uppercase fw-bold mb-3\">Inhoudsopgave<\/li><li><a href=\"#groene+hypotheken+en+de+opkomst+van+duurzaam+vastgoed+in+spanje\">\nGroene hypotheken en de opkomst van duurzaam vastgoed in Spanje\n<\/a><\/li>\n<li><a href=\"#wat+is+precies+een+groene+hypotheek\">\nWat is precies een groene hypotheek?\n<\/a><\/li>\n<li><a href=\"#waarom+energieefficientie+een+waardefactor+wordt\">\nWaarom energie-effici\u00ebntie een waardefactor wordt\n<\/a><\/li>\n<li><a href=\"#hoe+duurzaamheid+onderdeel+wordt+van+de+wensen+binnen+het+luxesegment\">\nHoe duurzaamheid onderdeel wordt van de wensen binnen het luxesegment\n<\/a><\/li>\n<li><a href=\"#de+regelgevende+context\">\nDe regelgevende context\n<\/a><\/li>\n<li><a href=\"#duurzame+ontwikkeling+is+de+toekomst\">\nDuurzame ontwikkeling is de toekomst\n<\/a><\/li>\n<li><a href=\"#duurzame+woningen+in+marbella\">\nDuurzame woningen in Marbella\n<\/a><\/li><\/ul>\n\n\n\t<figure class=\"wp-caption aligncenter wp-block-acf-wpimage\">\n\t<picture><source width=\"900\" height=\"600\" srcset=\"https:\/\/media.panoramamarbella.com\/imgV1\/B95mbh8olwFQm~uCT2wPZMb8hll4wghQQQq6YWg0~c~U_DrmgY8pGP8pqaDzA6mvjyI_OPtcrHD_aKxAUQWwUa3uHDJ5ltjq2pkb2OlsCN_JPCTWD20t4SlmMlxi25eMRsd7RoXjjt8iKSZ9yr3M6Xu14~g1hMGGy8nQNItKiGiBp0FH_~Efp5gSLEcUGqLuiNrfZUeobbjg9ru6NEM32AmkpqWULMxICDmLQQ--.webp 900w\" type=\"image\/webp\"><img decoding=\"async\" class=\"img-fluid\" loading=\"lazy\" width=\"900\" height=\"600\" alt=\"Groene hypotheken. Close-up van de gevel van een traditioneel bankgebouw met gouden letters en klassieke zuilen, als symbool voor hypotheekverstrekking en vastgoedfinanciering.\" src=\"https:\/\/media.panoramamarbella.com\/imgV1\/B95mbh8olwFQm~uCT2wPZMb8hll4wghQQQq6YWg0~c~U_DrmgY8pGP8pqaDzA6mvjyI_OPtcrHD_aKxAUQWwUa3uHDJ5ltjq2pkb2OlsCN_JPCTWD20t4SlmMlxi25eMRsd7RoXjjt8iKSZ9yr3M6Xu14~g1hMGGy8nQNItKiGiBp0FH_~Efp4b9UPGrU9P05FEALVzc1kPp.jpg\"><\/picture>\t\t\t<figcaption class=\"wp-caption-text\">\n\t\tBanken in Spanje beginnen energieprestaties mee te wegen bij de financiering van woningen\t\t<\/figcaption>\n\t\t\t<\/figure>\n\t\n\n\n<h2 class=\"wp-block-heading\">Wat is precies een groene hypotheek?<\/h2>\n\n\n\n<p>In de eenvoudigste vorm is een groene hypotheek een woonlening voor woningen die aan bepaalde normen voor energie-effici\u00ebntie voldoen, of voor huiseigenaren die van plan zijn de energieprestaties van een woning te verbeteren.<\/p>\n\n\n\n<p>Afhankelijk van de kredietverstrekker kan dit betekenen dat woningen met een hoge energieclassificatie iets gunstigere hypotheekvoorwaarden krijgen, of dat er financiering beschikbaar is waarmee kopers duurzaamheidsverbeteringen in de aankoop zelf kunnen meenemen.<\/p>\n\n\n\n<p>Verschillende grote Spaanse banken bieden inmiddels varianten van deze producten aan. De \u201c<a href=\"https:\/\/www.caixabank.es\/particular\/hipotecas\/hipoteca-eficiente.html\" target=\"_blank\" rel=\"noreferrer noopener nofollow\">Hipoteca Eficiente<\/a>\u201d van CaixaBank maakt het bijvoorbeeld mogelijk om renovatiewerken in de hypotheek op te nemen, op voorwaarde dat de verbeteringen de energieprestaties van het pand aanzienlijk verhogen. Santander, BBVA en Bankinter hebben eveneens groene financieringsproducten ge\u00efntroduceerd die gekoppeld zijn aan woningen met hoge energieclassificaties.<\/p>\n\n\n\t<figure class=\"wp-caption aligncenter wp-block-acf-wpimage\">\n\t<picture><source width=\"900\" height=\"600\" srcset=\"https:\/\/media.panoramamarbella.com\/imgV1\/B95mbh8olwFQm~uCT2wPZMb8hll4wghQQQq6YWg0~c~U_DrmgY8pGP8pqaDzA6mvjyI_OPtcrHD_aKxAUQWwUa4yiqIpNCZExYmzDhKmQJPlkFMv20exyd58WffvvDzVVa4iMj3fZH0kPkRL5Uq2i8v1quKecunCWZ057NmhWSefBRMD6bE6U_KUQQJ2lDgLmlWMcZ2il8k0lYIKTNsPy8lvz17POnRI~GNEIA--.webp 900w\" type=\"image\/webp\"><img decoding=\"async\" class=\"img-fluid\" loading=\"lazy\" width=\"900\" height=\"600\" alt=\"Houten blokken met kleine groene blaadjes en een opwaarts gerichte pijl, als symbool voor de stijgende waarde van duurzame en energiezuinige woningen.\" src=\"https:\/\/media.panoramamarbella.com\/imgV1\/B95mbh8olwFQm~uCT2wPZMb8hll4wghQQQq6YWg0~c~U_DrmgY8pGP8pqaDzA6mvjyI_OPtcrHD_aKxAUQWwUa4yiqIpNCZExYmzDhKmQJPlkFMv20exyd58WffvvDzVVa4iMj3fZH0kPkRL5Uq2i8v1quKecunCWZ057NmhWSefBRMD6bE6U~yx6alSd2xbEUeID_GsZV9T.jpg\"><\/picture>\t\t\t<figcaption class=\"wp-caption-text\">\n\t\tWoningen met sterke energieprestaties zullen tegen hogere prijzen worden verkocht\t\t<\/figcaption>\n\t\t\t<\/figure>\n\t\n\n\n<h2 class=\"wp-block-heading\">Waarom energie-effici\u00ebntie een waardefactor wordt<\/h2>\n\n\n\n<p>Voor de markt van luxe vastgoed gaat het belang van deze trend verder dan de hypotheken zelf.<\/p>\n\n\n\n<p>Veel kopers van prime vastgoed aan de Costa del Sol kopen zonder sterk afhankelijk te zijn van financiering, waardoor een groene hypotheek niet per se een doorslaggevende factor is. Financi\u00eble producten laten echter vaak zien welke richting de markt opgaat.<\/p>\n\n\n\n<p>Wanneer banken effici\u00ebntie beginnen te belonen, wijst dat op een bredere verschuiving in de manier waarop de kwaliteit van vastgoed wordt beoordeeld.<\/p>\n\n\n\n<p><a href=\"https:\/\/www.bde.es\/wbe\/en\/publicaciones\/analisis-economico-investigacion\/documentos-ocasionales\/influye-la-eficiencia-energetica-en-el-precio-de-la-vivienda-en-espana.html?utm_source=chatgpt.com\" target=\"_blank\" rel=\"noreferrer noopener nofollow\">Onderzoek<\/a> van de Banco de Espa\u00f1a heeft dit verband al benadrukt. Een studie waarin meer dan \u00e9\u00e9n miljoen woningverkopen werden geanalyseerd, wees uit dat woningen met betere energieprestaties prijzen behaalden die tot 9,7% hoger lagen dan die van de minst effici\u00ebnte woningen. Deze premie is de afgelopen jaren gestegen naarmate het energiebewustzijn toeneemt.<\/p>\n\n\n\t<figure class=\"wp-caption aligncenter wp-block-acf-wpimage\">\n\t<picture><source width=\"900\" height=\"600\" srcset=\"https:\/\/media.panoramamarbella.com\/imgV1\/B95mbh8olwFQm~uCT2wPZMb8hll4wghQQQq6YWg0~c~U_DrmgY8pGP8pqaDzA6mvjyI_OPtcrHD_aKxAUQWwUa_K14uNo0T90VsnHUoAUhHDoDFDhekzK78XOLL7yNNxHaNtCYGfWBbe7LepagN2eRSaVz4ouI40aXtfVGATYvfbhaTC_euqDUVhvBl_gTTUZXigGpgU313dqYQZGnUSknPU3zVTJnj_TrPr~g--.webp 900w\" type=\"image\/webp\"><img decoding=\"async\" class=\"img-fluid\" loading=\"lazy\" width=\"900\" height=\"600\" alt=\"Zonnepanelen op het dak van een woning in het zonlicht, die hernieuwbare energie en duurzaam woningontwerp benadrukken.\" src=\"https:\/\/media.panoramamarbella.com\/imgV1\/B95mbh8olwFQm~uCT2wPZMb8hll4wghQQQq6YWg0~c~U_DrmgY8pGP8pqaDzA6mvjyI_OPtcrHD_aKxAUQWwUa_K14uNo0T90VsnHUoAUhHDoDFDhekzK78XOLL7yNNxHaNtCYGfWBbe7LepagN2eRSaVz4ouI40aXtfVGATYvfbhaTC_euqDVukF0Ev1J~bGXhdgOig_7tb.jpg\"><\/picture>\t\t\t<figcaption class=\"wp-caption-text\">\n\t\tEen lager energieverbruik is nu een vanzelfsprekend onderdeel van het gesprek over vastgoed\t\t<\/figcaption>\n\t\t\t<\/figure>\n\t\n\n\n<h2 class=\"wp-block-heading\">Hoe duurzaamheid onderdeel wordt van de wensen binnen het luxesegment<\/h2>\n\n\n\n<p>Luxe vastgoed heeft zich altijd ontwikkeld in lijn met veranderende verwachtingen op het gebied van levensstijl. Kopers van nu zoeken nog steeds naar mooie architectuur, privacy, uitzicht en een uitstekende ligging, maar letten ook steeds meer op hoe een woning presteert.<\/p>\n\n\n\n<p>De kwaliteit van isolatie, glassystemen, hernieuwbare energie, intelligente klimaatregeling en bouwmethoden maken steeds vaker deel uit van het gesprek. Daarbij gaat het niet alleen om milieubewustzijn, maar ook om comfort en praktische voordelen.<\/p>\n\n\n\n<p>Een goed ontworpen woning die koel blijft tijdens de lange zomers van Marbella, het hele jaar door stabiele temperaturen behoudt en op de achtergrond effici\u00ebnt functioneert, voelt simpelweg prettiger om in te wonen. Een lager energieverbruik, stillere interieurs en slimmere klimaatsystemen zijn praktische voordelen die bewoners elke dag ervaren.<\/p>\n\n\n\t<figure class=\"wp-caption aligncenter wp-block-acf-wpimage\">\n\t<picture><source width=\"900\" height=\"520\" srcset=\"https:\/\/media.panoramamarbella.com\/imgV1\/B95mbh8olwFQm~uCT2wPZMb8hll4wghQQQq6YWg0~c~U_DrmgY8pGP8pqaDzA6mvjyI_OPtcrHD_aKxAUQWwUah5wP9Bgt80ssqN89jX1N1c3FB1J51FPqBhseTiFFHcv_JNBCj7wC3leVgHVtTsPzU~Fih0ZMQDbE_mERYaS9HPc5c2IQeKkRtolE0TkK8XuRBfM9nCAytnoKQd7vKspDIBtdqyO9mGkvykDw--.webp 900w\" type=\"image\/webp\"><img decoding=\"async\" class=\"img-fluid\" loading=\"lazy\" width=\"900\" height=\"520\" alt=\"Huisvormige structuren bedekt met groen loof, staand op een grasveld onder een blauwe lucht, als symbool voor milieuvriendelijke woningen en duurzame residenti\u00eble ontwikkeling.\" src=\"https:\/\/media.panoramamarbella.com\/imgV1\/B95mbh8olwFQm~uCT2wPZMb8hll4wghQQQq6YWg0~c~U_DrmgY8pGP8pqaDzA6mvjyI_OPtcrHD_aKxAUQWwUah5wP9Bgt80ssqN89jX1N1c3FB1J51FPqBhseTiFFHcv_JNBCj7wC3leVgHVtTsPzU~Fih0ZMQDbE_mERYaS9HPc5c2IQeKkQWP8yAwmFcNh29FCGRBSomb.jpg\"><\/picture>\t\t\t<figcaption class=\"wp-caption-text\">\n\t\tVoor projectontwikkelaars en investeerders is duurzaamheid nu een structurele vereiste\t\t<\/figcaption>\n\t\t\t<\/figure>\n\t\n\n\n<h2 class=\"wp-block-heading\">De regelgevende context<\/h2>\n\n\n\n<p>Een deel van deze verschuiving wordt ook aangedreven door een breder Europees beleid.<\/p>\n\n\n\n<p>De<a href=\"https:\/\/energy.ec.europa.eu\/topics\/energy-efficiency\/energy-performance-buildings\/energy-performance-buildings-directive_en#:~:text=sustainable%20and%20affordable.-,Revised%20Energy%20Performance%20of%20Buildings%20Directive,laws%20by%2029%20May%202026.\" target=\"_blank\" rel=\"noreferrer noopener nofollow\"> herziene EU-richtlijn inzake de energieprestatie<\/a> van gebouwen trad in 2024 in werking en stelt als langetermijndoel dat de Europese gebouwenvoorraad tegen 2050 volledig koolstofvrij moet zijn. De lidstaten moeten de richtlijn uiterlijk in 2026 in hun nationale wetgeving opnemen.<\/p>\n\n\n\n<p>Hoewel de volledige effecten zich geleidelijk zullen ontvouwen, be\u00efnvloedt deze koers nu al de ontwikkelingscultuur, bouwnormen en renovatiestrategie\u00ebn in heel Europa.<\/p>\n\n\n\n<p>Ook het Spaanse planningskader ontwikkelt zich verder. In Andalusi\u00eb heeft de <a href=\"https:\/\/www.juntadeandalucia.es\/organismos\/fomentoarticulaciondelterritorioyvivienda\/areas\/ordenacion\/ley-sostenibilidad.html\" target=\"_blank\" rel=\"noreferrer noopener nofollow\">stedenbouwwet LISTA<\/a> strengere milieuoverwegingen ingevoerd in de ruimtelijke ordening en stedelijke ontwikkeling, wat een bredere nadruk op duurzame groei weerspiegelt.<\/p>\n\n\n\n<p>Voor projectontwikkelaars en investeerders wordt duurzaamheid steeds minder een trend en steeds meer een structurele vereiste.<\/p>\n\n\n\t<figure class=\"wp-caption aligncenter wp-block-acf-wpimage\">\n\t<picture><source width=\"900\" height=\"600\" srcset=\"https:\/\/media.panoramamarbella.com\/imgV1\/B95mbh8olwFQm~uCT2wPZMb8hll4wghQQQq6YWg0~c~U_DrmgY8pGP8pqaDzA6mvjyI_OPtcrHD_aKxAUQWwUalj4~DimKd0OvY16kiPshFZp0Pwl~AqpbrfD4A4pLeET6RK2zqvl5ycakN5RyZpqipPGz3ZyaM9kt6RInefQjvwfIz5CNJAcPfYGkFItXutyhJd9SIZCTrQsRJCZ40VTsYzVs7WozlS4jR9lg--.webp 900w\" type=\"image\/webp\"><img decoding=\"async\" class=\"img-fluid\" loading=\"lazy\" width=\"900\" height=\"600\" alt=\"Persoon die een laptop gebruikt met een digitale interface voor energie-effici\u00ebntie waarop energielabels van woningen en duurzaamheidsiconen worden weergegeven, als symbool voor slimme en milieubewuste vastgoedbeoordeling.\" src=\"https:\/\/media.panoramamarbella.com\/imgV1\/B95mbh8olwFQm~uCT2wPZMb8hll4wghQQQq6YWg0~c~U_DrmgY8pGP8pqaDzA6mvjyI_OPtcrHD_aKxAUQWwUalj4~DimKd0OvY16kiPshFZp0Pwl~AqpbrfD4A4pLeET6RK2zqvl5ycakN5RyZpqipPGz3ZyaM9kt6RInefQjvwfIz5CNJAcOlvHGKunq4hCD~ukFXvRLVI.jpg\"><\/picture>\t\t\t<figcaption class=\"wp-caption-text\">\n\t\tEnergieprestatiecertificaten in Spanje zijn bedoeld om kopers te informeren, en niet om transacties te beperken\t\t<\/figcaption>\n\t\t\t<\/figure>\n\t\n\n\n<h2 class=\"wp-block-heading\">Duurzame ontwikkeling is de toekomst<\/h2>\n\n\n\n<p>Nieuwe ontwikkelingen integreren steeds vaker zonne-energiesystemen, geavanceerde isolatie, waterbesparende maatregelen en intelligente klimaatregeling als standaardvoorzieningen. Kopers besteden ook steeds meer aandacht aan energielabels, gebruikskosten en aan hoe een woning zich op lange termijn zal gedragen.<\/p>\n\n\n\n<p>Een lagere energiescore verhindert niet dat een woning in Spanje wordt verkocht. Energieprestatiecertificaten zijn bedoeld om kopers te informeren, en niet om transacties te beperken.<\/p>\n\n\n\n<p>Maar informatie verandert gedrag. Naarmate effici\u00ebntie makkelijker meetbaar wordt, wordt zij ook makkelijker vergelijkbaar.<\/p>\n\n\n\n<p>Groene hypotheken zijn een teken dat de markt niet alleen begint te kijken naar hoe een woning eruitziet, maar ook naar hoe goed zij presteert \u2014 iets wat in de komende jaren waarschijnlijk steeds belangrijker zal worden.<\/p>\n\n\n\t<figure class=\"wp-caption aligncenter wp-block-acf-wpimage\">\n\t<picture><source width=\"900\" height=\"600\" srcset=\"https:\/\/media.panoramamarbella.com\/imgV1\/B95mbh8olwFQm~uCT2wPZMb8hll4wghQQQq6YWg0~c~U_DrmgY8pGP8pqaDzA6mvjyI_OPtcrHD_aKxAUQWwUaqizg99bTNQu3pgA9xpKMhgVD~egsGddhdLcLbgJnJNiW40yAPHVoflPtENqtFxjrqTBgv524CDz0XYWCpJxZwBkTnFd_GUFTI7MJgUGPe2vC9vwMri75E_PqlP9ry59qnyqBNGD5RHs434FQ--.webp 900w\" type=\"image\/webp\"><img decoding=\"async\" class=\"img-fluid\" loading=\"lazy\" width=\"900\" height=\"600\" alt=\"Huissleutel in de vorm van een huis die aan een modern deurslot hangt, tegen een zachte groene achtergrond, als symbool voor toegang tot duurzame woningen en milieuvriendelijk eigendom.\" src=\"https:\/\/media.panoramamarbella.com\/imgV1\/B95mbh8olwFQm~uCT2wPZMb8hll4wghQQQq6YWg0~c~U_DrmgY8pGP8pqaDzA6mvjyI_OPtcrHD_aKxAUQWwUaqizg99bTNQu3pgA9xpKMhgVD~egsGddhdLcLbgJnJNiW40yAPHVoflPtENqtFxjrqTBgv524CDz0XYWCpJxZwBkTnFd_GUFSxy_eXtUAeTO_OhpAnj4t7j.jpg\"><\/picture>\t\t\t<figcaption class=\"wp-caption-text\">\n\t\tDuurzame woningen zijn de toekomst \u2013 neem contact op met Panorama om ze in Marbella te ontdekken\t\t<\/figcaption>\n\t\t\t<\/figure>\n\t\n\n<article class=\"col w-100 position-relative wp-block-acf-banner\">\n    <div class=\"d-flex flex-wrap flex-column flex-xl-row align-items-start align-items-xl-end gap-4 w-100 bg-secondary text-white p-4\">\n        <div class=\"d-flex flex-column\">\n\t\t\t            <a href=\"https:\/\/www.panoramamarbella.com\/nl\/newsletter\" class=\"stretched-link text-white text-decoration-none\" title=\"Vond je het leuk om te lezen?\">\n\t\t\t\t<h2 class=\"text-white mb-3\">Vond je het leuk om te lezen?<\/h2>            <\/a>\n\t\t\t            <p class=\"mb-0\">\n                Abonneer je op onze nieuwsbrief voor boeiende artikelen, exclusieve inhoud en de laatste updates.            <\/p>\n\t\t\t        <\/div>\n\t\t        <span class=\"btn btn-outline-light ms-xl-auto\">Panorama Nieuwsbrief<\/span>\n\t\t    <\/div>\n<\/article>\n\n\n\n\n<h2 class=\"wp-block-heading\">Duurzame woningen in Marbella<\/h2>\n\n\n\n<p>Voor wie vandaag de vastgoedmarkt van Marbella verkent, kan inzicht in deze veranderende factoren helpen om betere beslissingen te nemen, of het nu gaat om de aankoop van een nieuw gebouwde villa, de renovatie van een bestaande woning of het plannen van een langetermijninvestering aan de Costa del Sol.<\/p>\n\n\n\n<div class=\"contact-only bg-light wp-block-acf-contactform\">\n\t\t<div class=\"position-relative\">\n\t\t<span id=\"inm-contact-form\" class=\"position-absolute\" style=\"top:-130px\"><\/span>\n\t<\/div>\n\t\t\n\t\t<script src=\"https:\/\/www.google.com\/recaptcha\/api.js?render=6LeWOaYZAAAAAGZM7q40J51QMau9I_gs19mp9lZJ&#038;hl=nl\"><\/script>\n\t\n<form id=\"contact_form_1\" class=\"needs-validation h-100 d-flex flex-column p-4 p-md-5\" data-contact=\"contact_form_1\" action=\"localhost\" method=\"POST\" novalidate>\n\t<strong class=\"h3 align-self-start\">Ontdek duurzame nieuwbouwprojecten en milieuvriendelijke villa\u2019s in Marbella en de omliggende gebieden<\/strong><p class=\"mb-5\">Neem contact met ons op! We houden u graag op de hoogte van het nieuwste aanbod dat perfect aansluit bij uw wensen.<\/p>\t<span id=\"contact_form_1-result\" data-stext=\"source\" data-source=\"contact\"><\/span>\n\t<input type=\"hidden\" name=\"success\" value=\"\/nl\/success?source=info\" \/>\n\t<input type=\"hidden\" name=\"lang\" value=\"nl\" \/>\n\t<input type=\"hidden\" name=\"agency\" value=\"399\" \/>\n\t<input type=\"hidden\" name=\"recipient\" value=\"info\" \/>\n\t<input type=\"hidden\" name=\"source\" value=\"https:\/\/www.panoramamarbella.com\/nl\/wp-json\/wp\/v2\/posts\/38395\" \/>\n\t<input type=\"hidden\" name=\"subject\" value=\"Information Request (NL)\" \/>\n\t\t\t<input type=\"hidden\" name=\"origin\" value=\"Groene hypotheken en duurzaam vastgoed in Spanje\" \/>\n\t\t<div class=\"row g-3\">\n\t\t<div class=\"col-md-6\">\n\t\t\t<label class=\"form-label\" for=\"name\">Voornaam*<\/label>\n\t\t\t<input id=\"name\" name=\"name\" type=\"text\" class=\"form-control\" autocomplete=\"off\" required data-error=\"Naam vereist\">\n\t\t<\/div>\n\t\t<div class=\"col-md-6\">\n\t\t\t<label class=\"form-label\" for=\"name\">Achternaam*<\/label>\n\t\t\t<input id=\"lastname\" name=\"lastname\" type=\"text\" class=\"form-control\" autocomplete=\"off\" required data-error=\"Achternaam\">\n\t\t<\/div>\n\t\t<div class=\"col-12\">\n\t\t\t<label class=\"form-label\" for=\"email\">E-mail*<\/label>\n\t\t\t<input id=\"email\" name=\"email\" type=\"email\" class=\"form-control\" autocomplete=\"off\" required data-error=\"E-mail vereist\">\n\t\t<\/div>\n\t\t\t\t<div class=\"col-md-6\">\n\t\t\t<label class=\"form-label\" for=\"phone\">Telefoonnummer <small><\/small><\/label>\n\t\t\t<input id=\"phone\" name=\"intphone\" type=\"tel\" class=\"form-control\" autocomplete=\"off\" placeholder=\"Telefoon\" required data-error=\"Telefoonnummers moeten tussen de 8 en 20 cijfers bevatten\" pattern=\"(?:\\d\\s*){4,}\">\n\t\t<\/div>\n\t\t<div class=\"col-md-6\">\n\t\t\t<label class=\"form-label\">Beste tijd om te bellen <small><\/small><\/label>\n\t\t\t<select class=\"form-select\" name=\"time\">\n\t\t\t\t<option selected>Elk moment<\/option>\n\t\t\t\t<option value=\"1\">In de ochtend<\/option>\n\t\t\t\t<option value=\"2\">&#8217;s Middags<\/option>\n\t\t\t\t<option value=\"3\">&#8217;s Avonds<\/option>\n\t\t\t<\/select>\n\t\t<\/div>\n\t\t<div class=\"col-12\">\n\t\t\t<label for=\"address\" class=\"form-label\">Adres <small><\/small><\/label>\n\t\t\t<input id=\"address\" name=\"address\" type=\"text\" class=\"form-control\" \/>\n\t\t<\/div>\n\t\t<div class=\"col-12\">\n\t\t\t<label for=\"formComment\" class=\"form-label\">Bericht<\/label>\n\t\t\t<textarea class=\"form-control\" placeholder=\"Laat hier een reactie achter\" name=\"comment\" id=\"formComment\" maxlength=\"8000\" rows=\"5\"><\/textarea>\n\t\t<\/div>\n\t\t\t\t<div class=\"col-12\">\n\t\t\t<div class=\"form-check\">\n\t\t\t\t<input type=\"checkbox\" class=\"form-check-input\" id=\"contact_form_1-customCheck1\" name=\"privacy_policy\" required data-error=\"Verplicht veld\">\n\t\t\t\t<label class=\"form-check-label\" for=\"contact_form_1-customCheck1\">Ik accepteer de <a target=\"_blank\" class=\"text-decoration-none\" href=\"https:\/\/www.panoramamarbella.com\/privacy-policy\">Algemene voorwaarden<\/a><\/label>\n\t\t\t<\/div>\n\t\t\t<div class=\"form-check\">\n\t\t\t\t<input type=\"checkbox\" class=\"form-check-input\" id=\"contact_form_1-customCheck2\" name=\"commercial_information\">\n\t\t\t\t<label class=\"form-check-label\" for=\"contact_form_1-customCheck2\">Ik ga akkoord met het ontvangen van communicatie van Panorama<\/label>\n\t\t\t<\/div>\n\t\t<\/div>\n\t<\/div>\n\t<button data-ids=\"contact_form_1\" data-lang=\"nl\" data-sitekey=\"6LeWOaYZAAAAAGZM7q40J51QMau9I_gs19mp9lZJ\" class=\"align-self-start btn btn-primary px-4 py-2 mt-4 g-recaptcha\" role=\"button\" aria-label=\"Send\">Stuur<\/button>\n<\/form><\/div>\n\n\n\n\n\t\t<section class=\"container wp-block-acf-inmpropselection\">\n\t\t\t<h2>Bekijk deze duurzame woningen<\/h2>\t\t\t<div class=\"row row-cols-1 row-cols-lg-3 gy-5 g-xxl-5\">\n\t\t\t\t\n\n<article class=\"col card-properties position-relative d-flex flex-column\">\n\t<div id=\"carouselCardProperties-1-0\" class=\"card-properties-images carousel slide carousel-fade lazy\" data-bs-ride=\"carousel\" data-bs-interval=\"200000\" data-id=\"619453\">\n\t\t<div class=\"carousel-inner\">\n\t\t\t<figure class=\"carousel-item mb-0 active ratio ratio-4x3\">\n\t\t\t\t<picture><source sizes=\"(max-width: 575px) calc(100vw - 24px), (max-width: 767px) 516px, (max-width: 991px) 696px, (max-width: 1199px) 296px, (max-width: 1399px) 356px, 400px\" width=\"696\" height=\"522\" srcset=\"https:\/\/media.panoramamarbella.com\/imgV1\/B95mbh8olwFQm~uCUaVOI2kQT0hb0a8sZ9turUNfnwtvuccYCzs0YVPfPbfkc2VnnN1JFDpkYaGfw1gJsS~5h5Zv7TdkMtqIWATbSTsgAFwlcJALRRYVKJBFO3vHXmLdrvM7QvKS5p7eQSSocA_3KN3N2wP7XiVEzryxHv3NbTyUYktN10nzScSiG~gUv_INKYDbupR7jUQ655fslVtt9ZMAfArml8fyPi_7XU41pf6ZHXjXYZ0BnKS3ObQkuxbQ1oQkHOTUHxCw6t6tFXRpagInj4A6Bl96ymFUwQKAB35gZpJJHMoCfvzQehoB7sNdHovV3GupzCENUHT~uq3ZZasXGTnde1pfuR7donkY_9OAVSAr_IJa0sSsyejCJ~UP4C_H15_U6f4QVL4UKH9ZmxT2NiPbRhrKADP6INvdZZibaOMs6c5fITg__11tGl4689BCCFX34JMCAf1lLmdY.webp 696w,https:\/\/media.panoramamarbella.com\/imgV1\/B95mbh8olwFQm~uCUaVOI2kQT0hb0a8sZ9turUNfnwtvuccYCzs0YVPfPbfkc2VnnN1JFDpkYaGfw1gJsS~5h5Zv7TdkMtqIWATbSTsgAFwlcJALRRYVKJBFO3vHXmLdrvM7QvKS5p7eQSSocA_3KN3N2wP7XiVEzryxHv3Nb5ySW8gxE5mtiBz9CBo6cQzUfbZzZzNuZo~9vX3rqFoVxTaYD26U1GbOCzMWSGVldE9AwWIsUuYHw9nV2EimzPB_rMRLgpyAqILNzU9WmVUK3KeSesJ6y_fIuDkM3uSj3B05BmD6EzcLGXbvyji6IBm83yA9F~qVrPzHfCh6VDmHgXPX9qVnjYJy_a3zOVNxWF4lbeFcUXrPufBk6ul12bSo6qhpfUome7woIQVLy6LglQ7yH6ciGxo7h0Jx8fjewE7yHkEL5rckQcpsZMl0XPpzyez03tF9Rz_idGc5cCxY.webp 400w\" type=\"image\/webp\"><img decoding=\"async\" class=\"position-absolute w-100 h-100 object-fit-cover\" alt=\"Luxe zelfvoorzienende villa in Fuente del Espanto, Benahav\u00eds\" loading=\"lazy\" width=\"696\" height=\"522\" src=\"https:\/\/media.panoramamarbella.com\/imgV1\/B95mbh8olwFQm~uCUaVOI2kQT0hb0a8sZ9turUNfnwtvuccYCzs0YVPfPbfkc2VnnN1JFDpkYaGfw1gJsS~5h5Zv7TdkMtqIWATbSTsgAFwlcJALRRYVKJBFO3vHXmLdrvM7QvKS5p7eQSSocA_3KN3N2wP7XiVEzryxHv3NbTyUYktN10nzScSiG~gUoYNUTM2XzLOzPEafr4nQq0KV3ghNy6EdN_dcm73PEsgbGliJmW4JttxuqKLk9d3xlV8dBrrOaXqtCXbJX84gOLbiByv8pDpM70VOXw6WrBNpDPFIkcpQ9CzSsGnvjUM~HnyA7A0IDRqi5RsXeGGYaH6b5I3jwTxrF76~EerH7SPXnA5xR5W6HiUsBaIe4edTpSjhzBP595Kbq50mEo1_EqoO_2e7D3VebIEenXf5LmxJx~fUsKtAW05DpjJ212g-.jpg\"><\/picture>\t\t\t<\/figure>\n\t\t\t\t\t\t<span class=\"card-properties-ref position-absolute z-2 bottom-0 end-0 bg-white text-primary py-1 px-3 me-3\">\n\t\t\t\tPANR-15648\t\t\t<\/span>\n\t\t\t<button class=\"card-properties-portfolio d-flex align-items-center justify-content-center position-absolute z-3 end-0 text-white bg-primary me-3 border-0 px-0\" data-pfl-id=\"619453\" data-pfl-filter=\"sale\" aria-label=\"Add to portfolio\">\n\t\t\t\t<svg width=\"18\" fill=\"currentColor\" viewBox=\"0 0 512 512\">\n\t\t\t\t\t<use href=\"https:\/\/www.panoramamarbella.com\/wp-content\/themes\/panoramamarbella\/dist\/src\/images\/icons.svg#svgHeart\"><\/use>\n\t\t\t\t<\/svg>\n\t\t\t\t<svg width=\"18\" fill=\"currentColor\" viewBox=\"0 0 512 512\">\n\t\t\t\t\t<use href=\"https:\/\/www.panoramamarbella.com\/wp-content\/themes\/panoramamarbella\/dist\/src\/images\/icons.svg#svgHeartIn\"><\/use>\n\t\t\t\t<\/svg>\n\t\t\t<\/button>\n\t\t<\/div>\n\t\t\t\t<button\n\t\t\tclass=\"carousel-control-prev\"\n\t\t\ttype=\"button\"\n\t\t\tdata-bs-target=\"#carouselCardProperties-1-0\"\n\t\t\tdata-bs-slide=\"prev\">\n\t\t\t<span class=\"carousel-control-prev-icon\" aria-hidden=\"true\"><\/span>\n\t\t\t<span class=\"visually-hidden\">Vorige<\/span>\n\t\t<\/button>\n\t\t<button\n\t\t\tclass=\"carousel-control-next\"\n\t\t\ttype=\"button\"\n\t\t\tdata-bs-target=\"#carouselCardProperties-1-0\"\n\t\t\tdata-bs-slide=\"next\">\n\t\t\t<span class=\"carousel-control-next-icon\" aria-hidden=\"true\"><\/span>\n\t\t\t<span class=\"visually-hidden\">Volgende<\/span>\n\t\t<\/button>\n\t\t\t<\/div>\n\t<div class=\"d-flex flex-column h-100 px-3 py-4 shadow\">\n\t\t\t\t<h3 class=\"card-properties-title mb-3\">\n\t\t\t<a class=\"stretched-link\" href=\"\/nl\/eigendom\/benahavis\/fuente-del-espanto\/villas\/PANR-15648\">\n\t\t\t\tLuxe zelfvoorzienende villa in Fuente del Espanto, Benahav\u00eds\t\t\t<\/a>\n\t\t<\/h3>\n\t\t<p class=\"mb-3 text-black-dark\">Fuente del Espanto, Benahavis<\/p>\n\t\t\t\t\t\t<p class=\"card-properties-description mb-3\">\n\t\t\tDeze spectaculaire, zelfvoorzienende villa is gelegen in de bergen boven San Pedro, binnen een gevestigde en rustige gemeenschap. Slechts 10 minuten van Puerto Ban\u00fas en met gemakkelijke toegang tot de snelweg, combineert deze woning perfect&#8230;\t\t<\/p>\n\t\t\t\t<span class=\"card-properties-price mt-auto\">\n\t\t\t\n\t\t\t<span class=\"card-properties-price mt-auto\" data-original-price=\"3950000\">\u20ac\u00a03.950.000<\/span>\n\t\t\t\t<\/span>\n\t\t\t\t<ul class=\"card-properties-features list-unstyled d-flex flex-wrap align-items-center gap-3 pt-3 border-top mt-3 mb-0\">\n\t\t\t<li class=\"d-flex align-items-center\">5 Slaapkamers<\/li><li class=\"d-flex align-items-center\">5 Baden<\/li>\t\t\t\t<li class=\"d-flex align-items-center\">\n\t\t\t\t\t <span class=\"me-1\" data-original-value=\"543\" data-original-unit=\"m&#038;sup2\">543 m&sup2;<\/span>Totaal\t\t\t\t<\/li>\n\t\t\t\t\t\t\t<li class=\"d-flex align-items-center\">\n\t\t\t\t\t <span class=\"me-1\" data-original-value=\"2116\" data-original-unit=\"m&#038;sup2\">2.116 m&sup2;<\/span>Perceel\t\t\t\t<\/li>\n\t\t\t\t\t\t<\/ul>\n\t\t\t<\/div>\n<\/article>\n\n\n\n<article class=\"col card-properties position-relative d-flex flex-column\">\n\t<div id=\"carouselCardProperties-1-1\" class=\"card-properties-images carousel slide carousel-fade lazy\" data-bs-ride=\"carousel\" data-bs-interval=\"200000\" data-id=\"641825\">\n\t\t<div class=\"carousel-inner\">\n\t\t\t<figure class=\"carousel-item mb-0 active ratio ratio-4x3\">\n\t\t\t\t<picture><source sizes=\"(max-width: 575px) calc(100vw - 24px), (max-width: 767px) 516px, (max-width: 991px) 696px, (max-width: 1199px) 296px, (max-width: 1399px) 356px, 400px\" width=\"696\" height=\"522\" srcset=\"https:\/\/media.panoramamarbella.com\/imgV1\/B95mbh8olwFQm~uCUaVOI2kQT0hb0a8sZ9turUNfnwtvuccYCzs0YVPfPbfkc2VnnN1JFDpkYaGfw1gJsS~5h5io4A4eHwxajPn5xAMYGPolWCJSZyrfMiB0wL6J4u_nW2gF3w5ot_vWpXKCKEZfgecNDPeQzU64jdr0C7BaNTYyjlGCPwe7Fg34CGu9zfkykHVetFHaAjukVV_EXkp2zCS2mcRCr80EYs3ZBNKv9UEwdiqK27B735VD6GNGiumWGTH53Txhut2NYs3MptA9Jjsvn36n~PP_oz0PJ_TBONvzymIXSrcmmOs_zgy6EdhZJUbonrXjAR6Kj7~1Wu28wrsra~MRuNEw5h~kKnSytd65r0pgjslKGNhGXOg4CBbV86cYpNl_Y5n3VwcnNP3V6joXzvbDG8w7O0vB~0O4F74pO24IMHY9ijipzit~sZYfRCRHdft5awOrivCT9XMz.webp 696w,https:\/\/media.panoramamarbella.com\/imgV1\/B95mbh8olwFQm~uCUaVOI2kQT0hb0a8sZ9turUNfnwtvuccYCzs0YVPfPbfkc2VnnN1JFDpkYaGfw1gJsS~5h5io4A4eHwxajPn5xAMYGPolWCJSZyrfMiB0wL6J4u_nW2gF3w5ot_vWpXKCKEZfgecNDPeQzU64jdr0C7BaN7MEyGMxPmgx31cPLmudpJgHCbCQzQLFMfEN6DoC7dbzruLiJNPbHFegQsicgsVWCkz20Z77dgHlMXu1BHee3~owQGrtIvBys14PavsneLLdEFshrjuPciUNFTDhY1T5I5G94KfbDJrpvJuXoJ0YPnQZ6yMJGWsOKvZsT7563WdeLyzMm2wQw6tXxR0rpGdPg26b8OlqSKVcX~k8dU5uGvP8iAVVz1Q1gQt4orl_LwOnHU3Kk7dyKFR0ZMO77THmf~wN_AfC7LHUcDD4hQte_ugu3YtkIfyJnNxE74bG3owN.webp 400w\" type=\"image\/webp\"><img decoding=\"async\" class=\"position-absolute w-100 h-100 object-fit-cover\" alt=\"Prachtig ingericht appartement met panoramisch uitzicht op zee, het platteland en het Istan-meer\" loading=\"lazy\" width=\"696\" height=\"522\" src=\"https:\/\/media.panoramamarbella.com\/imgV1\/B95mbh8olwFQm~uCUaVOI2kQT0hb0a8sZ9turUNfnwtvuccYCzs0YVPfPbfkc2VnnN1JFDpkYaGfw1gJsS~5h5io4A4eHwxajPn5xAMYGPolWCJSZyrfMiB0wL6J4u_nW2gF3w5ot_vWpXKCKEZfgecNDPeQzU64jdr0C7BaNTYyjlGCPwe7Fg34CGu90_xCgWXUOOlGrr1RHKqU3VEN9LG1jrcRho~k91K_lrFG7pNUi3O8z1wXkuEadmZS0ZUa3i8enPa~vFwqZ_BRdl7SWIa0ksXPTjydcbcIbbuWIbM2TtLoUEkVmGhR5x7bSrfuGCMxGT89ML0sYv0ry2JkNIgixOdzuZjEI_Hi8OU5SQ4CzsOcpx96Z1ozWvOuor553J_N3eIZRU~5L_6rT7qdYyYIhoURqtd8DWjpxr4T5zaxst0mA7hjqQtw0Ho-.jpg\"><\/picture>\t\t\t<\/figure>\n\t\t\t\t\t\t<span class=\"card-properties-ref position-absolute z-2 bottom-0 end-0 bg-white text-primary py-1 px-3 me-3\">\n\t\t\t\tPANR-15851\t\t\t<\/span>\n\t\t\t<button class=\"card-properties-portfolio d-flex align-items-center justify-content-center position-absolute z-3 end-0 text-white bg-primary me-3 border-0 px-0\" data-pfl-id=\"641825\" data-pfl-filter=\"sale\" aria-label=\"Add to portfolio\">\n\t\t\t\t<svg width=\"18\" fill=\"currentColor\" viewBox=\"0 0 512 512\">\n\t\t\t\t\t<use href=\"https:\/\/www.panoramamarbella.com\/wp-content\/themes\/panoramamarbella\/dist\/src\/images\/icons.svg#svgHeart\"><\/use>\n\t\t\t\t<\/svg>\n\t\t\t\t<svg width=\"18\" fill=\"currentColor\" viewBox=\"0 0 512 512\">\n\t\t\t\t\t<use href=\"https:\/\/www.panoramamarbella.com\/wp-content\/themes\/panoramamarbella\/dist\/src\/images\/icons.svg#svgHeartIn\"><\/use>\n\t\t\t\t<\/svg>\n\t\t\t<\/button>\n\t\t<\/div>\n\t\t\t\t<button\n\t\t\tclass=\"carousel-control-prev\"\n\t\t\ttype=\"button\"\n\t\t\tdata-bs-target=\"#carouselCardProperties-1-1\"\n\t\t\tdata-bs-slide=\"prev\">\n\t\t\t<span class=\"carousel-control-prev-icon\" aria-hidden=\"true\"><\/span>\n\t\t\t<span class=\"visually-hidden\">Vorige<\/span>\n\t\t<\/button>\n\t\t<button\n\t\t\tclass=\"carousel-control-next\"\n\t\t\ttype=\"button\"\n\t\t\tdata-bs-target=\"#carouselCardProperties-1-1\"\n\t\t\tdata-bs-slide=\"next\">\n\t\t\t<span class=\"carousel-control-next-icon\" aria-hidden=\"true\"><\/span>\n\t\t\t<span class=\"visually-hidden\">Volgende<\/span>\n\t\t<\/button>\n\t\t\t<\/div>\n\t<div class=\"d-flex flex-column h-100 px-3 py-4 shadow\">\n\t\t\t\t<h3 class=\"card-properties-title mb-3\">\n\t\t\t<a class=\"stretched-link\" href=\"\/nl\/eigendom\/istan\/almazara-hills\/appartementen\/PANR-15851\">\n\t\t\t\tPrachtig ingericht appartement met panoramisch uitzicht op zee, het platteland en het Istan-meer\t\t\t<\/a>\n\t\t<\/h3>\n\t\t<p class=\"mb-3 text-black-dark\">Almazara Hills, Istan<\/p>\n\t\t\t\t\t\t<p class=\"card-properties-description mb-3\">\n\t\t\tDit uitzonderlijke appartement is gelegen in de rustige heuvels net boven Marbella, grenzend aan de prestigieuze Sierra Blanca Country Club. Met enkele van de meest adembenemende panoramische uitzichten in de regio, vangt het de schoonheid&#8230;\t\t<\/p>\n\t\t\t\t<span class=\"card-properties-price mt-auto\">\n\t\t\t\n\t\t\t<span class=\"card-properties-price mt-auto\" data-original-price=\"975000\">\u20ac\u00a0975.000<\/span>\n\t\t\t\t<\/span>\n\t\t\t\t<ul class=\"card-properties-features list-unstyled d-flex flex-wrap align-items-center gap-3 pt-3 border-top mt-3 mb-0\">\n\t\t\t<li class=\"d-flex align-items-center\">3 Slaapkamers<\/li><li class=\"d-flex align-items-center\">2 Baden<\/li>\t\t\t\t<li class=\"d-flex align-items-center\">\n\t\t\t\t\t <span class=\"me-1\" data-original-value=\"203\" data-original-unit=\"m&#038;sup2\">203 m&sup2;<\/span>Totaal\t\t\t\t<\/li>\n\t\t\t\t\t\t\t<li class=\"d-flex align-items-center\">\n\t\t\t\t\t <span class=\"me-1\" data-original-value=\"108\" data-original-unit=\"m&#038;sup2\">108 m&sup2;<\/span>Gebouwd\t\t\t\t<\/li>\n\t\t\t\t\t\t\t<li class=\"d-flex align-items-center\">\n\t\t\t\t\t <span class=\"me-1\" data-original-value=\"95\" data-original-unit=\"m&#038;sup2\">95 m&sup2;<\/span>Terrassen\t\t\t\t<\/li>\n\t\t\t\t\t<\/ul>\n\t\t\t<\/div>\n<\/article>\n\t\t\t<\/div>\n\t\t\t\t\t<\/section>\n\t\t\n","protected":false},"excerpt":{"rendered":"<p>Groene hypotheken benadrukken de groeiende rol van duurzaamheid en energie-effici\u00ebntie op de Spaanse vastgoedmarkt.<\/p>\n","protected":false},"author":7,"featured_media":37984,"comment_status":"closed","ping_status":"closed","sticky":false,"template":"","format":"standard","meta":{"_acf_changed":false,"footnotes":""},"categories":[43],"tags":[],"class_list":["post-38395","post","type-post","status-publish","format-standard","has-post-thumbnail","hentry","category-vastgoedsector-nieuws"],"acf":[],"_links":{"self":[{"href":"https:\/\/www.panoramamarbella.com\/nl\/wp-json\/wp\/v2\/posts\/38395","targetHints":{"allow":["GET"]}}],"collection":[{"href":"https:\/\/www.panoramamarbella.com\/nl\/wp-json\/wp\/v2\/posts"}],"about":[{"href":"https:\/\/www.panoramamarbella.com\/nl\/wp-json\/wp\/v2\/types\/post"}],"author":[{"embeddable":true,"href":"https:\/\/www.panoramamarbella.com\/nl\/wp-json\/wp\/v2\/users\/7"}],"replies":[{"embeddable":true,"href":"https:\/\/www.panoramamarbella.com\/nl\/wp-json\/wp\/v2\/comments?post=38395"}],"version-history":[{"count":1,"href":"https:\/\/www.panoramamarbella.com\/nl\/wp-json\/wp\/v2\/posts\/38395\/revisions"}],"predecessor-version":[{"id":38553,"href":"https:\/\/www.panoramamarbella.com\/nl\/wp-json\/wp\/v2\/posts\/38395\/revisions\/38553"}],"wp:featuredmedia":[{"embeddable":true,"href":"https:\/\/www.panoramamarbella.com\/nl\/wp-json\/wp\/v2\/media\/37984"}],"wp:attachment":[{"href":"https:\/\/www.panoramamarbella.com\/nl\/wp-json\/wp\/v2\/media?parent=38395"}],"wp:term":[{"taxonomy":"category","embeddable":true,"href":"https:\/\/www.panoramamarbella.com\/nl\/wp-json\/wp\/v2\/categories?post=38395"},{"taxonomy":"post_tag","embeddable":true,"href":"https:\/\/www.panoramamarbella.com\/nl\/wp-json\/wp\/v2\/tags?post=38395"}],"curies":[{"name":"wp","href":"https:\/\/api.w.org\/{rel}","templated":true}]}}